{"id":1289,"date":"2022-08-23T14:12:00","date_gmt":"2022-08-23T14:12:00","guid":{"rendered":"https:\/\/www.indarfor.it\/?p=1289"},"modified":"2022-08-23T14:32:06","modified_gmt":"2022-08-23T14:32:06","slug":"n-avvio-il-corso-di-competenze-minime-nei-processi-di-assistenza-alla-persona-programma-specifico-18-19-presso-gonars-e-udine","status":"publish","type":"post","link":"https:\/\/www.indarfor.it\/index.php\/2022\/08\/23\/n-avvio-il-corso-di-competenze-minime-nei-processi-di-assistenza-alla-persona-programma-specifico-18-19-presso-gonars-e-udine\/","title":{"rendered":"IN AVVIO IL CORSO DI COMPETENZE MINIME NEI PROCESSI DI ASSISTENZA ALLA PERSONA PROGRAMMA SPECIFICO 18\/19 PRESSO GONARS E UDINE"},"content":{"rendered":"\t\t<div data-elementor-type=\"wp-post\" data-elementor-id=\"1289\" class=\"elementor elementor-1289\" data-elementor-post-type=\"post\">\n\t\t\t\t\t\t<section class=\"elementor-section elementor-top-section elementor-element elementor-element-7718dbff elementor-section-boxed elementor-section-height-default elementor-section-height-default\" data-id=\"7718dbff\" data-element_type=\"section\">\n\t\t\t\t\t\t<div class=\"elementor-container elementor-column-gap-default\">\n\t\t\t\t\t<div class=\"elementor-column elementor-col-100 elementor-top-column elementor-element elementor-element-4d2fbb6d\" data-id=\"4d2fbb6d\" data-element_type=\"column\">\n\t\t\t<div class=\"elementor-widget-wrap elementor-element-populated\">\n\t\t\t\t\t\t<div class=\"elementor-element elementor-element-1b42e40f elementor-widget elementor-widget-text-editor\" data-id=\"1b42e40f\" data-element_type=\"widget\" data-widget_type=\"text-editor.default\">\n\t\t\t\t<div class=\"elementor-widget-container\">\n\t\t\t\t\t\t\t\t\t<h2>Durata:<\/h2>\n<h3>Il corso prevede una durata di 300 ore di cui 90 di tirocinio<\/h3>\n&nbsp;\n<h3><\/h3>\n<h3><strong>Requisiti di accesso:<\/strong><\/h3>\n<h3><\/h3>\n<ul>\n \t<li>\n<h3>Maggiore et\u00e0;<\/h3>\n<\/li>\n \t<li>\n<h3>Residenza o domicilio elettivo in Friuli Venezia Giulia;<\/h3>\n<\/li>\n \t<li>\n<h3>Le operazioni sono rivolte a persone svantaggiate o a rischio di esclusione sociale, marginalit\u00e0, discriminazione, in carico al Servizio Sociale, Servizio Sanitario, Collocamento Mirato.<\/h3>\n<\/li>\n<\/ul>\n<h3><\/h3>\n<h3><strong>Moduli:<\/strong><\/h3>\n<h3><\/h3>\n<ul>\n \t<li>\n<h3>Area igienico-sanitaria e tecnico operativa<\/h3>\n<\/li>\n \t<li>\n<h3>Area psicologica e sociale<\/h3>\n<\/li>\n \t<li>\n<h3>Area istituzionale e legislativa<\/h3>\n<\/li>\n<\/ul>\n<h3><\/h3>\n<h3><\/h3>\n<h3><strong>Costo:<\/strong><\/h3>\n<h3><\/h3>\n<h3>Il corso \u00e8 gratuito.\u00a0Ai frequentanti verr\u00e0 corrisposta una indennit\u00e0 oraria di risultato di 2,00 \u20ac per ogni ora di effettiva frequenza al raggiungimento del 70% delle ore\u00a0 di corso.<\/h3>\n<h3><\/h3>\n<h3><\/h3>\n<h3><strong>Attestato:<\/strong><\/h3>\n<h3><\/h3>\n<h3>Al termine del corso verr\u00e0 rilasciato un attestato di frequenza dalla Regione Friuli Venezia Giulia che permetter\u00e0 ai discenti di lavorare come assistenti alla persona nelle case di riposo e presso i servizi di assistenza domiciliari<\/h3>\n&nbsp;\n<h3><\/h3>\n<h3><strong>Sedi dei\u00a0corsi:<\/strong><\/h3>\n<h3><\/h3>\n<ul>\n \t<li>\n<h2><strong>UDINE\u00a0 (UD)<\/strong><\/h2>\n<\/li>\n \t<li>\n<h2><strong>GONARS\u00a0 (UD)<\/strong><\/h2>\n<\/li>\n<\/ul>\n<h3><\/h3>\n<h3><\/h3>\n<h3><strong>Per informazione ed iscrizioni:<\/strong><\/h3>\n<h3><\/h3>\n<h3>La segreteria \u00e8 disponibile dal luned\u00ec al venerd\u00ec dalle 09.00 alle 13.00 e dalle 14.00 alle 18.00.<\/h3>\n<h3><\/h3>\n<h3>Via San Osvaldo, 36 \u2013 33100 Udine (UD)<\/h3>\n<h3><\/h3>\n<h3>Telefono: 0432\/512050<\/h3>\n<h3><\/h3>\n<h3>Mail:\u00a0<strong>info@indarfor.it<\/strong><\/h3>\t\t\t\t\t\t\t\t<\/div>\n\t\t\t\t<\/div>\n\t\t\t\t\t<\/div>\n\t\t<\/div>\n\t\t\t\t\t<\/div>\n\t\t<\/section>\n\t\t\t\t<section class=\"elementor-section elementor-top-section elementor-element elementor-element-830ce28 elementor-section-boxed elementor-section-height-default elementor-section-height-default\" data-id=\"830ce28\" data-element_type=\"section\">\n\t\t\t\t\t\t<div class=\"elementor-container elementor-column-gap-default\">\n\t\t\t\t\t<div class=\"elementor-column elementor-col-100 elementor-top-column elementor-element elementor-element-8a6b366\" data-id=\"8a6b366\" data-element_type=\"column\">\n\t\t\t<div class=\"elementor-widget-wrap\">\n\t\t\t\t\t\t\t<\/div>\n\t\t<\/div>\n\t\t\t\t\t<\/div>\n\t\t<\/section>\n\t\t\t\t<section class=\"elementor-section elementor-top-section elementor-element elementor-element-75cc8d0 elementor-section-boxed elementor-section-height-default elementor-section-height-default\" data-id=\"75cc8d0\" data-element_type=\"section\">\n\t\t\t\t\t\t<div class=\"elementor-container elementor-column-gap-default\">\n\t\t\t\t\t<div class=\"elementor-column elementor-col-100 elementor-top-column elementor-element elementor-element-923d3a9\" data-id=\"923d3a9\" data-element_type=\"column\">\n\t\t\t<div class=\"elementor-widget-wrap elementor-element-populated\">\n\t\t\t\t\t\t<div class=\"elementor-element elementor-element-0efad9d elementor-widget elementor-widget-image\" data-id=\"0efad9d\" data-element_type=\"widget\" data-widget_type=\"image.default\">\n\t\t\t\t<div class=\"elementor-widget-container\">\n\t\t\t\t\t\t\t\t\t\t\t\t\t\t\t<img decoding=\"async\" width=\"300\" height=\"50\" src=\"https:\/\/www.indarfor.it\/wp-content\/uploads\/2021\/10\/rendiconto-cordenons-300x50.png\" class=\"attachment-medium size-medium wp-image-1237\" alt=\"\" srcset=\"https:\/\/www.indarfor.it\/wp-content\/uploads\/2021\/10\/rendiconto-cordenons-300x50.png 300w, https:\/\/www.indarfor.it\/wp-content\/uploads\/2021\/10\/rendiconto-cordenons-1024x171.png 1024w, https:\/\/www.indarfor.it\/wp-content\/uploads\/2021\/10\/rendiconto-cordenons-768x128.png 768w, https:\/\/www.indarfor.it\/wp-content\/uploads\/2021\/10\/rendiconto-cordenons.png 1234w\" sizes=\"(max-width: 300px) 100vw, 300px\" \/>\t\t\t\t\t\t\t\t\t\t\t\t\t\t\t<\/div>\n\t\t\t\t<\/div>\n\t\t\t\t\t<\/div>\n\t\t<\/div>\n\t\t\t\t\t<\/div>\n\t\t<\/section>\n\t\t\t\t<\/div>\n\t\t","protected":false},"excerpt":{"rendered":"<p>Durata: Il corso prevede una durata di 300 ore di cui 90 di tirocinio &nbsp; Requisiti di accesso: Maggiore et\u00e0; Residenza o domicilio elettivo in Friuli Venezia Giulia; Le operazioni sono rivolte a persone svantaggiate o a rischio di esclusione sociale, marginalit\u00e0, discriminazione, in carico al Servizio Sociale, Servizio Sanitario, Collocamento Mirato. Moduli: Area igienico-sanitaria [&hellip;]<\/p>\n","protected":false},"author":1,"featured_media":0,"comment_status":"closed","ping_status":"open","sticky":false,"template":"","format":"standard","meta":{"footnotes":""},"categories":[1],"tags":[],"class_list":["post-1289","post","type-post","status-publish","format-standard","hentry","category-uncategorized"],"yoast_head":"<!-- This site is optimized with the Yoast SEO plugin v24.7 - https:\/\/yoast.com\/wordpress\/plugins\/seo\/ -->\n<title>IN AVVIO IL CORSO DI COMPETENZE MINIME NEI PROCESSI DI ASSISTENZA ALLA PERSONA PROGRAMMA SPECIFICO 18\/19 PRESSO GONARS E UDINE - Indar Formazione &amp; Sviluppo<\/title>\n<meta name=\"robots\" content=\"index, follow, max-snippet:-1, max-image-preview:large, max-video-preview:-1\" \/>\n<link rel=\"canonical\" href=\"https:\/\/www.indarfor.it\/index.php\/2022\/08\/23\/n-avvio-il-corso-di-competenze-minime-nei-processi-di-assistenza-alla-persona-programma-specifico-18-19-presso-gonars-e-udine\/\" \/>\n<meta property=\"og:locale\" content=\"it_IT\" \/>\n<meta property=\"og:type\" content=\"article\" \/>\n<meta property=\"og:title\" content=\"IN AVVIO IL CORSO DI COMPETENZE MINIME NEI PROCESSI DI ASSISTENZA ALLA PERSONA PROGRAMMA SPECIFICO 18\/19 PRESSO GONARS E UDINE - Indar Formazione &amp; Sviluppo\" \/>\n<meta property=\"og:description\" content=\"Durata: Il corso prevede una durata di 300 ore di cui 90 di tirocinio &nbsp; Requisiti di accesso: Maggiore et\u00e0; Residenza o domicilio elettivo in Friuli Venezia Giulia; Le operazioni sono rivolte a persone svantaggiate o a rischio di esclusione sociale, marginalit\u00e0, discriminazione, in carico al Servizio Sociale, Servizio Sanitario, Collocamento Mirato. Moduli: Area igienico-sanitaria [&hellip;]\" \/>\n<meta property=\"og:url\" content=\"https:\/\/www.indarfor.it\/index.php\/2022\/08\/23\/n-avvio-il-corso-di-competenze-minime-nei-processi-di-assistenza-alla-persona-programma-specifico-18-19-presso-gonars-e-udine\/\" \/>\n<meta property=\"og:site_name\" content=\"Indar Formazione &amp; Sviluppo\" \/>\n<meta property=\"article:published_time\" content=\"2022-08-23T14:12:00+00:00\" \/>\n<meta property=\"article:modified_time\" content=\"2022-08-23T14:32:06+00:00\" \/>\n<meta property=\"og:image\" content=\"https:\/\/www.indarfor.it\/wp-content\/uploads\/2021\/10\/rendiconto-cordenons-300x50.png\" \/>\n<meta name=\"author\" content=\"admin\" \/>\n<meta name=\"twitter:card\" content=\"summary_large_image\" \/>\n<meta name=\"twitter:label1\" content=\"Scritto da\" \/>\n\t<meta name=\"twitter:data1\" content=\"admin\" \/>\n\t<meta name=\"twitter:label2\" content=\"Tempo di lettura stimato\" \/>\n\t<meta name=\"twitter:data2\" content=\"1 minuto\" \/>\n<script type=\"application\/ld+json\" class=\"yoast-schema-graph\">{\"@context\":\"https:\/\/schema.org\",\"@graph\":[{\"@type\":\"WebPage\",\"@id\":\"https:\/\/www.indarfor.it\/index.php\/2022\/08\/23\/n-avvio-il-corso-di-competenze-minime-nei-processi-di-assistenza-alla-persona-programma-specifico-18-19-presso-gonars-e-udine\/\",\"url\":\"https:\/\/www.indarfor.it\/index.php\/2022\/08\/23\/n-avvio-il-corso-di-competenze-minime-nei-processi-di-assistenza-alla-persona-programma-specifico-18-19-presso-gonars-e-udine\/\",\"name\":\"IN AVVIO IL CORSO DI COMPETENZE MINIME NEI PROCESSI DI ASSISTENZA ALLA PERSONA PROGRAMMA SPECIFICO 18\/19 PRESSO GONARS E UDINE - Indar Formazione &amp; Sviluppo\",\"isPartOf\":{\"@id\":\"https:\/\/www.indarfor.it\/#website\"},\"primaryImageOfPage\":{\"@id\":\"https:\/\/www.indarfor.it\/index.php\/2022\/08\/23\/n-avvio-il-corso-di-competenze-minime-nei-processi-di-assistenza-alla-persona-programma-specifico-18-19-presso-gonars-e-udine\/#primaryimage\"},\"image\":{\"@id\":\"https:\/\/www.indarfor.it\/index.php\/2022\/08\/23\/n-avvio-il-corso-di-competenze-minime-nei-processi-di-assistenza-alla-persona-programma-specifico-18-19-presso-gonars-e-udine\/#primaryimage\"},\"thumbnailUrl\":\"https:\/\/www.indarfor.it\/wp-content\/uploads\/2021\/10\/rendiconto-cordenons-300x50.png\",\"datePublished\":\"2022-08-23T14:12:00+00:00\",\"dateModified\":\"2022-08-23T14:32:06+00:00\",\"author\":{\"@id\":\"https:\/\/www.indarfor.it\/#\/schema\/person\/a468d2770a92a6bc94031cf78aa54c52\"},\"breadcrumb\":{\"@id\":\"https:\/\/www.indarfor.it\/index.php\/2022\/08\/23\/n-avvio-il-corso-di-competenze-minime-nei-processi-di-assistenza-alla-persona-programma-specifico-18-19-presso-gonars-e-udine\/#breadcrumb\"},\"inLanguage\":\"it-IT\",\"potentialAction\":[{\"@type\":\"ReadAction\",\"target\":[\"https:\/\/www.indarfor.it\/index.php\/2022\/08\/23\/n-avvio-il-corso-di-competenze-minime-nei-processi-di-assistenza-alla-persona-programma-specifico-18-19-presso-gonars-e-udine\/\"]}]},{\"@type\":\"ImageObject\",\"inLanguage\":\"it-IT\",\"@id\":\"https:\/\/www.indarfor.it\/index.php\/2022\/08\/23\/n-avvio-il-corso-di-competenze-minime-nei-processi-di-assistenza-alla-persona-programma-specifico-18-19-presso-gonars-e-udine\/#primaryimage\",\"url\":\"https:\/\/www.indarfor.it\/wp-content\/uploads\/2021\/10\/rendiconto-cordenons.png\",\"contentUrl\":\"https:\/\/www.indarfor.it\/wp-content\/uploads\/2021\/10\/rendiconto-cordenons.png\",\"width\":1234,\"height\":206},{\"@type\":\"BreadcrumbList\",\"@id\":\"https:\/\/www.indarfor.it\/index.php\/2022\/08\/23\/n-avvio-il-corso-di-competenze-minime-nei-processi-di-assistenza-alla-persona-programma-specifico-18-19-presso-gonars-e-udine\/#breadcrumb\",\"itemListElement\":[{\"@type\":\"ListItem\",\"position\":1,\"name\":\"Home\",\"item\":\"https:\/\/www.indarfor.it\/\"},{\"@type\":\"ListItem\",\"position\":2,\"name\":\"IN AVVIO IL CORSO DI COMPETENZE MINIME NEI PROCESSI DI ASSISTENZA ALLA PERSONA PROGRAMMA SPECIFICO 18\/19 PRESSO GONARS E UDINE\"}]},{\"@type\":\"WebSite\",\"@id\":\"https:\/\/www.indarfor.it\/#website\",\"url\":\"https:\/\/www.indarfor.it\/\",\"name\":\"Indar Formazione &amp; Sviluppo\",\"description\":\"Ente di formazione\",\"potentialAction\":[{\"@type\":\"SearchAction\",\"target\":{\"@type\":\"EntryPoint\",\"urlTemplate\":\"https:\/\/www.indarfor.it\/?s={search_term_string}\"},\"query-input\":{\"@type\":\"PropertyValueSpecification\",\"valueRequired\":true,\"valueName\":\"search_term_string\"}}],\"inLanguage\":\"it-IT\"},{\"@type\":\"Person\",\"@id\":\"https:\/\/www.indarfor.it\/#\/schema\/person\/a468d2770a92a6bc94031cf78aa54c52\",\"name\":\"admin\",\"image\":{\"@type\":\"ImageObject\",\"inLanguage\":\"it-IT\",\"@id\":\"https:\/\/www.indarfor.it\/#\/schema\/person\/image\/\",\"url\":\"https:\/\/secure.gravatar.com\/avatar\/127084d96ad3edd744d3a66b2f0a3b4446ea787b9d290ed8cf2786c7c8b78fc3?s=96&d=mm&r=g\",\"contentUrl\":\"https:\/\/secure.gravatar.com\/avatar\/127084d96ad3edd744d3a66b2f0a3b4446ea787b9d290ed8cf2786c7c8b78fc3?s=96&d=mm&r=g\",\"caption\":\"admin\"},\"sameAs\":[\"https:\/\/www.indarfor.it\"],\"url\":\"https:\/\/www.indarfor.it\/index.php\/author\/indar\/\"}]}<\/script>\n<!-- \/ Yoast SEO plugin. -->","yoast_head_json":{"title":"IN AVVIO IL CORSO DI COMPETENZE MINIME NEI PROCESSI DI ASSISTENZA ALLA PERSONA PROGRAMMA SPECIFICO 18\/19 PRESSO GONARS E UDINE - Indar Formazione &amp; Sviluppo","robots":{"index":"index","follow":"follow","max-snippet":"max-snippet:-1","max-image-preview":"max-image-preview:large","max-video-preview":"max-video-preview:-1"},"canonical":"https:\/\/www.indarfor.it\/index.php\/2022\/08\/23\/n-avvio-il-corso-di-competenze-minime-nei-processi-di-assistenza-alla-persona-programma-specifico-18-19-presso-gonars-e-udine\/","og_locale":"it_IT","og_type":"article","og_title":"IN AVVIO IL CORSO DI COMPETENZE MINIME NEI PROCESSI DI ASSISTENZA ALLA PERSONA PROGRAMMA SPECIFICO 18\/19 PRESSO GONARS E UDINE - Indar Formazione &amp; Sviluppo","og_description":"Durata: Il corso prevede una durata di 300 ore di cui 90 di tirocinio &nbsp; Requisiti di accesso: Maggiore et\u00e0; Residenza o domicilio elettivo in Friuli Venezia Giulia; Le operazioni sono rivolte a persone svantaggiate o a rischio di esclusione sociale, marginalit\u00e0, discriminazione, in carico al Servizio Sociale, Servizio Sanitario, Collocamento Mirato. Moduli: Area igienico-sanitaria [&hellip;]","og_url":"https:\/\/www.indarfor.it\/index.php\/2022\/08\/23\/n-avvio-il-corso-di-competenze-minime-nei-processi-di-assistenza-alla-persona-programma-specifico-18-19-presso-gonars-e-udine\/","og_site_name":"Indar Formazione &amp; Sviluppo","article_published_time":"2022-08-23T14:12:00+00:00","article_modified_time":"2022-08-23T14:32:06+00:00","og_image":[{"url":"https:\/\/www.indarfor.it\/wp-content\/uploads\/2021\/10\/rendiconto-cordenons-300x50.png","type":"","width":"","height":""}],"author":"admin","twitter_card":"summary_large_image","twitter_misc":{"Scritto da":"admin","Tempo di lettura stimato":"1 minuto"},"schema":{"@context":"https:\/\/schema.org","@graph":[{"@type":"WebPage","@id":"https:\/\/www.indarfor.it\/index.php\/2022\/08\/23\/n-avvio-il-corso-di-competenze-minime-nei-processi-di-assistenza-alla-persona-programma-specifico-18-19-presso-gonars-e-udine\/","url":"https:\/\/www.indarfor.it\/index.php\/2022\/08\/23\/n-avvio-il-corso-di-competenze-minime-nei-processi-di-assistenza-alla-persona-programma-specifico-18-19-presso-gonars-e-udine\/","name":"IN AVVIO IL CORSO DI COMPETENZE MINIME NEI PROCESSI DI ASSISTENZA ALLA PERSONA PROGRAMMA SPECIFICO 18\/19 PRESSO GONARS E UDINE - Indar Formazione &amp; Sviluppo","isPartOf":{"@id":"https:\/\/www.indarfor.it\/#website"},"primaryImageOfPage":{"@id":"https:\/\/www.indarfor.it\/index.php\/2022\/08\/23\/n-avvio-il-corso-di-competenze-minime-nei-processi-di-assistenza-alla-persona-programma-specifico-18-19-presso-gonars-e-udine\/#primaryimage"},"image":{"@id":"https:\/\/www.indarfor.it\/index.php\/2022\/08\/23\/n-avvio-il-corso-di-competenze-minime-nei-processi-di-assistenza-alla-persona-programma-specifico-18-19-presso-gonars-e-udine\/#primaryimage"},"thumbnailUrl":"https:\/\/www.indarfor.it\/wp-content\/uploads\/2021\/10\/rendiconto-cordenons-300x50.png","datePublished":"2022-08-23T14:12:00+00:00","dateModified":"2022-08-23T14:32:06+00:00","author":{"@id":"https:\/\/www.indarfor.it\/#\/schema\/person\/a468d2770a92a6bc94031cf78aa54c52"},"breadcrumb":{"@id":"https:\/\/www.indarfor.it\/index.php\/2022\/08\/23\/n-avvio-il-corso-di-competenze-minime-nei-processi-di-assistenza-alla-persona-programma-specifico-18-19-presso-gonars-e-udine\/#breadcrumb"},"inLanguage":"it-IT","potentialAction":[{"@type":"ReadAction","target":["https:\/\/www.indarfor.it\/index.php\/2022\/08\/23\/n-avvio-il-corso-di-competenze-minime-nei-processi-di-assistenza-alla-persona-programma-specifico-18-19-presso-gonars-e-udine\/"]}]},{"@type":"ImageObject","inLanguage":"it-IT","@id":"https:\/\/www.indarfor.it\/index.php\/2022\/08\/23\/n-avvio-il-corso-di-competenze-minime-nei-processi-di-assistenza-alla-persona-programma-specifico-18-19-presso-gonars-e-udine\/#primaryimage","url":"https:\/\/www.indarfor.it\/wp-content\/uploads\/2021\/10\/rendiconto-cordenons.png","contentUrl":"https:\/\/www.indarfor.it\/wp-content\/uploads\/2021\/10\/rendiconto-cordenons.png","width":1234,"height":206},{"@type":"BreadcrumbList","@id":"https:\/\/www.indarfor.it\/index.php\/2022\/08\/23\/n-avvio-il-corso-di-competenze-minime-nei-processi-di-assistenza-alla-persona-programma-specifico-18-19-presso-gonars-e-udine\/#breadcrumb","itemListElement":[{"@type":"ListItem","position":1,"name":"Home","item":"https:\/\/www.indarfor.it\/"},{"@type":"ListItem","position":2,"name":"IN AVVIO IL CORSO DI COMPETENZE MINIME NEI PROCESSI DI ASSISTENZA ALLA PERSONA PROGRAMMA SPECIFICO 18\/19 PRESSO GONARS E UDINE"}]},{"@type":"WebSite","@id":"https:\/\/www.indarfor.it\/#website","url":"https:\/\/www.indarfor.it\/","name":"Indar Formazione &amp; Sviluppo","description":"Ente di formazione","potentialAction":[{"@type":"SearchAction","target":{"@type":"EntryPoint","urlTemplate":"https:\/\/www.indarfor.it\/?s={search_term_string}"},"query-input":{"@type":"PropertyValueSpecification","valueRequired":true,"valueName":"search_term_string"}}],"inLanguage":"it-IT"},{"@type":"Person","@id":"https:\/\/www.indarfor.it\/#\/schema\/person\/a468d2770a92a6bc94031cf78aa54c52","name":"admin","image":{"@type":"ImageObject","inLanguage":"it-IT","@id":"https:\/\/www.indarfor.it\/#\/schema\/person\/image\/","url":"https:\/\/secure.gravatar.com\/avatar\/127084d96ad3edd744d3a66b2f0a3b4446ea787b9d290ed8cf2786c7c8b78fc3?s=96&d=mm&r=g","contentUrl":"https:\/\/secure.gravatar.com\/avatar\/127084d96ad3edd744d3a66b2f0a3b4446ea787b9d290ed8cf2786c7c8b78fc3?s=96&d=mm&r=g","caption":"admin"},"sameAs":["https:\/\/www.indarfor.it"],"url":"https:\/\/www.indarfor.it\/index.php\/author\/indar\/"}]}},"_links":{"self":[{"href":"https:\/\/www.indarfor.it\/index.php\/wp-json\/wp\/v2\/posts\/1289","targetHints":{"allow":["GET"]}}],"collection":[{"href":"https:\/\/www.indarfor.it\/index.php\/wp-json\/wp\/v2\/posts"}],"about":[{"href":"https:\/\/www.indarfor.it\/index.php\/wp-json\/wp\/v2\/types\/post"}],"author":[{"embeddable":true,"href":"https:\/\/www.indarfor.it\/index.php\/wp-json\/wp\/v2\/users\/1"}],"replies":[{"embeddable":true,"href":"https:\/\/www.indarfor.it\/index.php\/wp-json\/wp\/v2\/comments?post=1289"}],"version-history":[{"count":7,"href":"https:\/\/www.indarfor.it\/index.php\/wp-json\/wp\/v2\/posts\/1289\/revisions"}],"predecessor-version":[{"id":1297,"href":"https:\/\/www.indarfor.it\/index.php\/wp-json\/wp\/v2\/posts\/1289\/revisions\/1297"}],"wp:attachment":[{"href":"https:\/\/www.indarfor.it\/index.php\/wp-json\/wp\/v2\/media?parent=1289"}],"wp:term":[{"taxonomy":"category","embeddable":true,"href":"https:\/\/www.indarfor.it\/index.php\/wp-json\/wp\/v2\/categories?post=1289"},{"taxonomy":"post_tag","embeddable":true,"href":"https:\/\/www.indarfor.it\/index.php\/wp-json\/wp\/v2\/tags?post=1289"}],"curies":[{"name":"wp","href":"https:\/\/api.w.org\/{rel}","templated":true}]}}